{"id":700,"date":"2026-04-07T10:45:41","date_gmt":"2026-04-07T13:45:41","guid":{"rendered":"https:\/\/www.amandine.com.br\/blog\/?p=700"},"modified":"2026-08-25T10:08:36","modified_gmt":"2026-08-25T13:08:36","slug":"como-escolher-vestidos-de-festa-opcoes-elegantes-do-midi-ao-longo","status":"publish","type":"post","link":"https:\/\/www.amandine.com.br\/blog\/como-escolher-vestidos-de-festa-opcoes-elegantes-do-midi-ao-longo\/","title":{"rendered":"Como escolher vestidos de festa: op\u00e7\u00f5es elegantes do midi ao longo"},"content":{"rendered":"<p>Saber como usar <strong>vestido de festa<\/strong> vai al\u00e9m da escolha do modelo. A forma como a pe\u00e7a \u00e9 combinada, o tipo de ocasi\u00e3o e os detalhes do look influenciam diretamente no resultado final.<\/p>\n<p>Os nossos vestidos de festa s\u00e3o desenvolvidos com modelagem que valoriza a silhueta, tecidos selecionados e acabamento refinado, permitindo composi\u00e7\u00f5es elegantes sem excessos. Seja um vestido de festa longo, midi ou mais estruturado, a escolha certa transforma a produ\u00e7\u00e3o e transmite presen\u00e7a com naturalidade.<\/p>\n<p>Neste guia, reunimos formas de usar vestidos de festa em diferentes contextos, mantendo sofistica\u00e7\u00e3o e versatilidade.<\/p>\n<h2><span style=\"font-weight: 400;\">Como escolher o vestido de festa ideal na Amandine?<\/span><\/h2>\n<p><span style=\"font-weight: 400;\">Para escolher o vestido de festa ideal, o primeiro ponto \u00e9 considerar a ocasi\u00e3o. Eventos formais, como <a href=\"https:\/\/www.amandine.com.br\/blog\/look-para-casamento\/\"><span class=\"notion-enable-hover\" data-token-index=\"1\">casamentos<\/span><\/a>, festas de formatura ou celebra\u00e7\u00f5es especiais, pedem produ\u00e7\u00f5es mais sofisticadas, onde o <span class=\"notion-enable-hover\" data-token-index=\"5\">vestido de festa longo<\/span> se destaca pelo caimento elegante e pela presen\u00e7a. J\u00e1 o <span class=\"notion-enable-hover\" data-token-index=\"7\">vestido de festa midi<\/span> \u00e9 uma alternativa vers\u00e1til, ideal para eventos que permitem uma proposta mais moderna e equilibrada.<\/span><\/p>\n<p>Al\u00e9m do comprimento, \u00e9 importante priorizar conforto e mobilidade. Os <a href=\"https:\/\/www.amandine.com.br\/roupas-femininas-elegantes\/vestidos-femininos\"><span class=\"notion-enable-hover\" data-token-index=\"1\">vestidos<\/span><\/a> da Amandine s\u00e3o desenvolvidos com tecidos de qualidade e modelagens que acompanham o corpo com leveza, permitindo que voc\u00ea aproveite cada momento com naturalidade.<\/p>\n<p>Outro ponto essencial \u00e9 escolher um modelo que reflita seu estilo pessoal. Cortes mais cl\u00e1ssicos criam um visual atemporal e sofisticado, enquanto modelagens contempor\u00e2neas trazem um olhar mais atual. Pe\u00e7as que permitem diferentes combina\u00e7\u00f5es com <a href=\"https:\/\/www.amandine.com.br\/acessorios\"><span class=\"notion-enable-hover\" data-token-index=\"5\">acess\u00f3rios <\/span><\/a>tamb\u00e9m ampliam as possibilidades de uso, tornando o vestido ainda mais vers\u00e1til no guarda-roupa.<!-- notionvc: f32228cf-1a86-48f6-9a4a-d1b26f8d644e --> <!-- notionvc: 1c5390e6-18d2-4109-abb1-e729250f2258 --><\/p>\n<h2><span style=\"font-weight: 400;\">Nossos vestidos para festa<\/span><\/h2>\n<p>O segredo para um <a href=\"https:\/\/www.amandine.com.br\/blog\/looks-para-o-verao-europeu-monte-uma-mala-completa-e-estilosa-com-essas-opcoes\/\"><span class=\"notion-enable-hover\" data-token-index=\"1\">look elegante<\/span><\/a> com <span class=\"notion-enable-hover\" data-token-index=\"5\">vestido de festa<\/span> est\u00e1 em escolher uma pe\u00e7a que traduza seu estilo com naturalidade. Priorize modelagens que valorizem o corpo, tecidos de qualidade e detalhes que fa\u00e7am sentido para a ocasi\u00e3o. Explore as op\u00e7\u00f5es da Amandine e encontre o vestido que acompanha voc\u00ea com sofistica\u00e7\u00e3o em cada momento. <!-- --> <!-- notionvc: 35faecde-c739-43d5-9024-d57a12a430b4 --><\/p>\n<h3><span style=\"font-weight: 400;\">Vestido Longo Zoe<\/span><\/h3>\n<p><img loading=\"lazy\" decoding=\"async\" class=\"alignnone wp-image-1067\" src=\"https:\/\/www.amandine.com.br\/blog\/wp-content\/uploads\/2025\/03\/04782C97-FFB1-4EA6-BA03-4632B96A3F3E-1-226x300.jpeg\" alt=\"\" width=\"350\" height=\"464\" srcset=\"https:\/\/www.amandine.com.br\/blog\/wp-content\/uploads\/2025\/03\/04782C97-FFB1-4EA6-BA03-4632B96A3F3E-1-226x300.jpeg 226w, https:\/\/www.amandine.com.br\/blog\/wp-content\/uploads\/2025\/03\/04782C97-FFB1-4EA6-BA03-4632B96A3F3E-1-773x1024.jpeg 773w, https:\/\/www.amandine.com.br\/blog\/wp-content\/uploads\/2025\/03\/04782C97-FFB1-4EA6-BA03-4632B96A3F3E-1-768x1018.jpeg 768w, https:\/\/www.amandine.com.br\/blog\/wp-content\/uploads\/2025\/03\/04782C97-FFB1-4EA6-BA03-4632B96A3F3E-1-1159x1536.jpeg 1159w, https:\/\/www.amandine.com.br\/blog\/wp-content\/uploads\/2025\/03\/04782C97-FFB1-4EA6-BA03-4632B96A3F3E-1-1545x2048.jpeg 1545w, https:\/\/www.amandine.com.br\/blog\/wp-content\/uploads\/2025\/03\/04782C97-FFB1-4EA6-BA03-4632B96A3F3E-1-scaled.jpeg 1932w\" sizes=\"auto, (max-width: 350px) 100vw, 350px\" \/> <img loading=\"lazy\" decoding=\"async\" class=\"alignnone wp-image-1068\" src=\"https:\/\/www.amandine.com.br\/blog\/wp-content\/uploads\/2025\/03\/ABE974CA-A49F-43F2-BCC8-BA6A80C00F17-240x300.jpg\" alt=\"\" width=\"370\" height=\"463\" srcset=\"https:\/\/www.amandine.com.br\/blog\/wp-content\/uploads\/2025\/03\/ABE974CA-A49F-43F2-BCC8-BA6A80C00F17-240x300.jpg 240w, https:\/\/www.amandine.com.br\/blog\/wp-content\/uploads\/2025\/03\/ABE974CA-A49F-43F2-BCC8-BA6A80C00F17-819x1024.jpg 819w, https:\/\/www.amandine.com.br\/blog\/wp-content\/uploads\/2025\/03\/ABE974CA-A49F-43F2-BCC8-BA6A80C00F17-768x960.jpg 768w, https:\/\/www.amandine.com.br\/blog\/wp-content\/uploads\/2025\/03\/ABE974CA-A49F-43F2-BCC8-BA6A80C00F17-1229x1536.jpg 1229w, https:\/\/www.amandine.com.br\/blog\/wp-content\/uploads\/2025\/03\/ABE974CA-A49F-43F2-BCC8-BA6A80C00F17-1638x2048.jpg 1638w, https:\/\/www.amandine.com.br\/blog\/wp-content\/uploads\/2025\/03\/ABE974CA-A49F-43F2-BCC8-BA6A80C00F17-scaled.jpg 2048w\" sizes=\"auto, (max-width: 370px) 100vw, 370px\" \/><\/p>\n<p>Confeccionado em <strong>tecido acetinado<\/strong>, com brilho sutil e caimento fluido, este <strong>vestido de festa chique<\/strong> se destaca pela modelagem solta e pelo movimento que acompanha o corpo com leveza. A pe\u00e7a traz um detalhe em metal dourado <strong>exclusivo<\/strong>, que pode ser removido com facilidade das al\u00e7as, permitindo diferentes formas de uso.<\/p>\n<p>As al\u00e7as delicadas podem ser amarradas de diversas maneiras, adaptando o vestido ao seu estilo e \u00e0 ocasi\u00e3o. Vers\u00e1til e sofisticado, \u00e9 uma escolha que transita com naturalidade entre eventos especiais e produ\u00e7\u00f5es elegantes, sempre com presen\u00e7a e refinamento.<\/p>\n<p><!-- notionvc: 57cbdfa9-a2e9-4acd-b90f-e720c2e4628a --><\/p>\n<h3><span style=\"font-weight: 400;\">Vestido Midi Lilly<\/span><\/h3>\n<p><img loading=\"lazy\" decoding=\"async\" class=\"alignnone wp-image-1074 size-large\" src=\"https:\/\/www.amandine.com.br\/blog\/wp-content\/uploads\/2025\/03\/4EA19DB0-1F1A-4F20-9349-14B885D28C59-768x1024.jpg\" alt=\"\" width=\"768\" height=\"1024\" srcset=\"https:\/\/www.amandine.com.br\/blog\/wp-content\/uploads\/2025\/03\/4EA19DB0-1F1A-4F20-9349-14B885D28C59-768x1024.jpg 768w, https:\/\/www.amandine.com.br\/blog\/wp-content\/uploads\/2025\/03\/4EA19DB0-1F1A-4F20-9349-14B885D28C59-225x300.jpg 225w, https:\/\/www.amandine.com.br\/blog\/wp-content\/uploads\/2025\/03\/4EA19DB0-1F1A-4F20-9349-14B885D28C59-1152x1536.jpg 1152w, https:\/\/www.amandine.com.br\/blog\/wp-content\/uploads\/2025\/03\/4EA19DB0-1F1A-4F20-9349-14B885D28C59-1536x2048.jpg 1536w, https:\/\/www.amandine.com.br\/blog\/wp-content\/uploads\/2025\/03\/4EA19DB0-1F1A-4F20-9349-14B885D28C59-scaled.jpg 1920w\" sizes=\"auto, (max-width: 768px) 100vw, 768px\" \/><\/p>\n<p>Confeccionado em tecido acetinado e com brilho sutil, este <span class=\"notion-enable-hover\" data-token-index=\"1\">vestido midi elegante<\/span> \u00e9 uma escolha vers\u00e1til para eventos especiais, como casamentos, jantares ou celebra\u00e7\u00f5es. Dispon\u00edvel nas cores vermelho, terracota, marrom, lil\u00e1s, bege e verde, permite diferentes propostas de styling, sempre com sofistica\u00e7\u00e3o.<\/p>\n<p><img loading=\"lazy\" decoding=\"async\" class=\"alignnone wp-image-1075\" src=\"https:\/\/www.amandine.com.br\/blog\/wp-content\/uploads\/2025\/03\/0d5ddbbf-5297-4ed9-995a-117ab35182b1-225x300.jpg\" alt=\"\" width=\"250\" height=\"333\" srcset=\"https:\/\/www.amandine.com.br\/blog\/wp-content\/uploads\/2025\/03\/0d5ddbbf-5297-4ed9-995a-117ab35182b1-225x300.jpg 225w, https:\/\/www.amandine.com.br\/blog\/wp-content\/uploads\/2025\/03\/0d5ddbbf-5297-4ed9-995a-117ab35182b1-768x1024.jpg 768w, https:\/\/www.amandine.com.br\/blog\/wp-content\/uploads\/2025\/03\/0d5ddbbf-5297-4ed9-995a-117ab35182b1-1152x1536.jpg 1152w, https:\/\/www.amandine.com.br\/blog\/wp-content\/uploads\/2025\/03\/0d5ddbbf-5297-4ed9-995a-117ab35182b1-1536x2048.jpg 1536w, https:\/\/www.amandine.com.br\/blog\/wp-content\/uploads\/2025\/03\/0d5ddbbf-5297-4ed9-995a-117ab35182b1-scaled.jpg 1920w\" sizes=\"auto, (max-width: 250px) 100vw, 250px\" \/> <img loading=\"lazy\" decoding=\"async\" class=\"alignnone wp-image-1076\" src=\"https:\/\/www.amandine.com.br\/blog\/wp-content\/uploads\/2025\/03\/DA64C054-0138-4C6C-ACED-343503008E80-225x300.jpg\" alt=\"\" width=\"250\" height=\"333\" srcset=\"https:\/\/www.amandine.com.br\/blog\/wp-content\/uploads\/2025\/03\/DA64C054-0138-4C6C-ACED-343503008E80-225x300.jpg 225w, https:\/\/www.amandine.com.br\/blog\/wp-content\/uploads\/2025\/03\/DA64C054-0138-4C6C-ACED-343503008E80-768x1024.jpg 768w, https:\/\/www.amandine.com.br\/blog\/wp-content\/uploads\/2025\/03\/DA64C054-0138-4C6C-ACED-343503008E80-1152x1536.jpg 1152w, https:\/\/www.amandine.com.br\/blog\/wp-content\/uploads\/2025\/03\/DA64C054-0138-4C6C-ACED-343503008E80-1536x2048.jpg 1536w, https:\/\/www.amandine.com.br\/blog\/wp-content\/uploads\/2025\/03\/DA64C054-0138-4C6C-ACED-343503008E80-scaled.jpg 1920w\" sizes=\"auto, (max-width: 250px) 100vw, 250px\" \/> <img loading=\"lazy\" decoding=\"async\" class=\"alignnone wp-image-1077\" src=\"https:\/\/www.amandine.com.br\/blog\/wp-content\/uploads\/2025\/03\/5-240x300.jpg\" alt=\"\" width=\"265\" height=\"331\" srcset=\"https:\/\/www.amandine.com.br\/blog\/wp-content\/uploads\/2025\/03\/5-240x300.jpg 240w, https:\/\/www.amandine.com.br\/blog\/wp-content\/uploads\/2025\/03\/5-819x1024.jpg 819w, https:\/\/www.amandine.com.br\/blog\/wp-content\/uploads\/2025\/03\/5-768x960.jpg 768w, https:\/\/www.amandine.com.br\/blog\/wp-content\/uploads\/2025\/03\/5-1229x1536.jpg 1229w, https:\/\/www.amandine.com.br\/blog\/wp-content\/uploads\/2025\/03\/5.jpg 1638w\" sizes=\"auto, (max-width: 265px) 100vw, 265px\" \/><br \/>\n<!-- notionvc: b7cadc42-9dcd-4b2d-8457-615c658bbd68 --><\/p>\n<p>O modelo Midi Lilly se destaca pela <strong>modelagem solta<\/strong>, que acompanha o corpo com leveza e conforto, mantendo a eleg\u00e2ncia da silhueta. A amarra\u00e7\u00e3o no pesco\u00e7o traz um acabamento refinado, enquanto o decote profundo nas costas adiciona um toque de sensualidade equilibrada.<\/p>\n<p>\u00c9 uma pe\u00e7a que transita com naturalidade entre ocasi\u00f5es, podendo ser combinada com acess\u00f3rios discretos para uma proposta mais cl\u00e1ssica ou com elementos mais marcantes para um visual contempor\u00e2neo. Um vestido pensado para unir versatilidade, presen\u00e7a e eleg\u00e2ncia.<\/p>\n<p><!-- notionvc: 6bbbb8ee-3615-45ff-a9b7-cf1953a70f0d --><\/p>\n<h3><span style=\"font-weight: 400;\">Vestido Longo Magn\u00f3lia<\/span><\/h3>\n<p>O <strong>vestido longo Magnolia<\/strong> \u00e9 uma pe\u00e7a que une presen\u00e7a e delicadeza em uma constru\u00e7\u00e3o fluida e sofisticada. Confeccionado em viscose com leve transpar\u00eancia, o modelo apresenta textura sutil, padronagem floral e forro interno, garantindo conforto e acabamento refinado.<\/p>\n<p>Dispon\u00edvel nas cores marrom, bege e verde, o vestido transita entre propostas mais cl\u00e1ssicas e contempor\u00e2neas, assim como em ocasi\u00f5es que pedem algo fora do \u00f3bvio.<\/p>\n<p><img loading=\"lazy\" decoding=\"async\" class=\"alignnone size-medium wp-image-1080\" src=\"https:\/\/www.amandine.com.br\/blog\/wp-content\/uploads\/2025\/03\/04BB92D8-83BB-415F-A14A-EE6667E04271-240x300.jpg\" alt=\"\" width=\"240\" height=\"300\" srcset=\"https:\/\/www.amandine.com.br\/blog\/wp-content\/uploads\/2025\/03\/04BB92D8-83BB-415F-A14A-EE6667E04271-240x300.jpg 240w, https:\/\/www.amandine.com.br\/blog\/wp-content\/uploads\/2025\/03\/04BB92D8-83BB-415F-A14A-EE6667E04271-819x1024.jpg 819w, https:\/\/www.amandine.com.br\/blog\/wp-content\/uploads\/2025\/03\/04BB92D8-83BB-415F-A14A-EE6667E04271-768x960.jpg 768w, https:\/\/www.amandine.com.br\/blog\/wp-content\/uploads\/2025\/03\/04BB92D8-83BB-415F-A14A-EE6667E04271-1229x1536.jpg 1229w, https:\/\/www.amandine.com.br\/blog\/wp-content\/uploads\/2025\/03\/04BB92D8-83BB-415F-A14A-EE6667E04271-1638x2048.jpg 1638w, https:\/\/www.amandine.com.br\/blog\/wp-content\/uploads\/2025\/03\/04BB92D8-83BB-415F-A14A-EE6667E04271-scaled.jpg 2048w\" sizes=\"auto, (max-width: 240px) 100vw, 240px\" \/> <img loading=\"lazy\" decoding=\"async\" class=\"alignnone size-medium wp-image-1079\" src=\"https:\/\/www.amandine.com.br\/blog\/wp-content\/uploads\/2025\/03\/2CE3B2BA-7298-4C0A-AAAE-66E65B61D201-240x300.jpg\" alt=\"\" width=\"240\" height=\"300\" srcset=\"https:\/\/www.amandine.com.br\/blog\/wp-content\/uploads\/2025\/03\/2CE3B2BA-7298-4C0A-AAAE-66E65B61D201-240x300.jpg 240w, https:\/\/www.amandine.com.br\/blog\/wp-content\/uploads\/2025\/03\/2CE3B2BA-7298-4C0A-AAAE-66E65B61D201-819x1024.jpg 819w, https:\/\/www.amandine.com.br\/blog\/wp-content\/uploads\/2025\/03\/2CE3B2BA-7298-4C0A-AAAE-66E65B61D201-768x960.jpg 768w, https:\/\/www.amandine.com.br\/blog\/wp-content\/uploads\/2025\/03\/2CE3B2BA-7298-4C0A-AAAE-66E65B61D201-1229x1536.jpg 1229w, https:\/\/www.amandine.com.br\/blog\/wp-content\/uploads\/2025\/03\/2CE3B2BA-7298-4C0A-AAAE-66E65B61D201-1638x2048.jpg 1638w, https:\/\/www.amandine.com.br\/blog\/wp-content\/uploads\/2025\/03\/2CE3B2BA-7298-4C0A-AAAE-66E65B61D201-scaled.jpg 2048w\" sizes=\"auto, (max-width: 240px) 100vw, 240px\" \/> <img loading=\"lazy\" decoding=\"async\" class=\"alignnone size-medium wp-image-1078\" src=\"https:\/\/www.amandine.com.br\/blog\/wp-content\/uploads\/2025\/03\/05A47DE4-E9CB-474A-95FD-8DD20DABDEFB-240x300.jpg\" alt=\"\" width=\"240\" height=\"300\" srcset=\"https:\/\/www.amandine.com.br\/blog\/wp-content\/uploads\/2025\/03\/05A47DE4-E9CB-474A-95FD-8DD20DABDEFB-240x300.jpg 240w, https:\/\/www.amandine.com.br\/blog\/wp-content\/uploads\/2025\/03\/05A47DE4-E9CB-474A-95FD-8DD20DABDEFB-819x1024.jpg 819w, https:\/\/www.amandine.com.br\/blog\/wp-content\/uploads\/2025\/03\/05A47DE4-E9CB-474A-95FD-8DD20DABDEFB-768x960.jpg 768w, https:\/\/www.amandine.com.br\/blog\/wp-content\/uploads\/2025\/03\/05A47DE4-E9CB-474A-95FD-8DD20DABDEFB-1229x1536.jpg 1229w, https:\/\/www.amandine.com.br\/blog\/wp-content\/uploads\/2025\/03\/05A47DE4-E9CB-474A-95FD-8DD20DABDEFB-1639x2048.jpg 1639w, https:\/\/www.amandine.com.br\/blog\/wp-content\/uploads\/2025\/03\/05A47DE4-E9CB-474A-95FD-8DD20DABDEFB-scaled.jpg 2048w\" sizes=\"auto, (max-width: 240px) 100vw, 240px\" \/><\/p>\n<p><span style=\"font-weight: 400;\"><!-- notionvc: 22b293a2-3ab9-471e-86bb-e8cd8ff043d8 --><\/span>A modelagem valoriza a silhueta com leveza, enquanto o decote frontal alongado ganha destaque com um metal exclusivo, desenvolvido especialmente para a cole\u00e7\u00e3o festa. Esse elemento se torna o ponto central da pe\u00e7a: escultural e sofisticado, traz identidade e um brilho equilibrado, elevando o vestido com um acabamento contempor\u00e2neo.<\/p>\n<p>Nas costas, o decote amplo cria um contraste elegante e sensual, refor\u00e7ando a proposta feminina da pe\u00e7a. O vestido Magnolia \u00e9 uma escolha ideal para quem busca um <strong>vestido longo elegante para eventos especiais<\/strong>, com design autoral e presen\u00e7a marcante.<\/p>\n<h3><span style=\"font-weight: 400;\">Vestido Longo Paola<\/span><\/h3>\n<p><span style=\"font-weight: 400;\"><img loading=\"lazy\" decoding=\"async\" class=\"alignnone wp-image-1082\" src=\"https:\/\/www.amandine.com.br\/blog\/wp-content\/uploads\/2025\/03\/Design-sem-nome-819x1024.jpg\" alt=\"\" width=\"750\" height=\"938\" srcset=\"https:\/\/www.amandine.com.br\/blog\/wp-content\/uploads\/2025\/03\/Design-sem-nome-819x1024.jpg 819w, https:\/\/www.amandine.com.br\/blog\/wp-content\/uploads\/2025\/03\/Design-sem-nome-240x300.jpg 240w, https:\/\/www.amandine.com.br\/blog\/wp-content\/uploads\/2025\/03\/Design-sem-nome-768x960.jpg 768w, https:\/\/www.amandine.com.br\/blog\/wp-content\/uploads\/2025\/03\/Design-sem-nome-1229x1536.jpg 1229w, https:\/\/www.amandine.com.br\/blog\/wp-content\/uploads\/2025\/03\/Design-sem-nome-1638x2048.jpg 1638w, https:\/\/www.amandine.com.br\/blog\/wp-content\/uploads\/2025\/03\/Design-sem-nome.jpg 2000w\" sizes=\"auto, (max-width: 750px) 100vw, 750px\" \/><\/span><\/p>\n<p>O <span class=\"notion-enable-hover\" data-token-index=\"1\">vestido longo Paola<\/span> \u00e9 uma escolha elegante para mulheres que valorizam sofistica\u00e7\u00e3o com leveza. Confeccionado em <span class=\"notion-enable-hover\" data-token-index=\"3\">chiffon<\/span>, tecido leve e delicado, o modelo proporciona movimento fluido e caimento refinado, acompanhando o corpo com naturalidade.<\/p>\n<p>Com design atemporal e linhas limpas, o vestido se destaca pela constru\u00e7\u00e3o minimalista, que valoriza a silhueta de forma equilibrada. O decote profundo nas costas surge como ponto de destaque, trazendo uma sensualidade sutil e sofisticada \u00e0 pe\u00e7a. <span style=\"font-weight: 400;\">Vers\u00e1til, o Paola \u00e9 ideal como vestido de festa longo para ocasi\u00f5es especiais, como casamentos, jantares ou eventos formais. Uma pe\u00e7a pensada para criar produ\u00e7\u00f5es elegantes, com presen\u00e7a e discri\u00e7\u00e3o na medida certa.<br \/>\n<\/span><\/p>\n<h2><span style=\"font-weight: 400;\">Como usar vestido de festa no inverno ou no frio<\/span><\/h2>\n<p>O <strong>vestido de festa no inverno<\/strong> pode ser adaptado com pe\u00e7as que trazem mais estrutura ao look. Combinar o vestido com <strong>botas de cano alto<\/strong>, botas de bico fino ou modelos com salto cria uma produ\u00e7\u00e3o elegante e adequada para temperaturas mais baixas. Al\u00e9m disso, pe\u00e7as como casacos, echarpes ou tric\u00f4s ajudam a complementar o visual sem comprometer a sofistica\u00e7\u00e3o. Essa combina\u00e7\u00e3o permite usar vestidos de festa durante o inverno com conforto e estilo.<\/p>\n<p><span style=\"font-weight: 400;\"><!-- notionvc: 56dd2bcb-dc9b-45ef-98e3-a8261e65e24b --><!-- notionvc: 47d4b540-6512-4234-8843-d6f508e51b1b --><\/span><\/p>\n<h2><span style=\"font-weight: 400;\">Como deixar o vestido de festa mais vers\u00e1til?<\/span><\/h2>\n<p>Um <strong>vestido de festa feminino<\/strong> pode ser usado de diferentes formas dependendo da composi\u00e7\u00e3o. Ao combinar com pe\u00e7as mais leves ou acess\u00f3rios discretos, \u00e9 poss\u00edvel criar uma produ\u00e7\u00e3o menos formal. J\u00e1 com escolhas mais estruturadas, o vestido assume um papel mais sofisticado. Essa versatilidade permite que a mesma pe\u00e7a acompanhe diferentes momentos, ampliando seu uso no guarda-roupa.<\/p>\n<p>Explore as possibilidades e encontre o vestido que se adapta ao seu estilo e \u00e0 ocasi\u00e3o. Acompanhe o blog para mais inspira\u00e7\u00f5es e descubra novas formas de usar a cole\u00e7\u00e3o com eleg\u00e2ncia.<\/p>\n<h2><span style=\"font-weight: 400;\">Descubra a eleg\u00e2ncia e versatilidade dos vestidos Amandine<\/span><\/h2>\n<p><span style=\"font-weight: 400;\">Os nossos <span class=\"notion-enable-hover\" data-token-index=\"1\">vestidos <\/span>\u00a0s\u00e3o pensados para acompanhar diferentes momentos com naturalidade e sofistica\u00e7\u00e3o. Dos <span class=\"notion-enable-hover\" data-token-index=\"3\">vestidos de festa elegantes<\/span> \u00e0s vers\u00f5es mais leves para o dia a dia, cada pe\u00e7a combina modelagem bem constru\u00edda, tecidos selecionados e aten\u00e7\u00e3o aos detalhes.<!-- notionvc: f57a9e1b-7ba8-496e-81a5-98bd7c656a3b --><br \/>\n<\/span><\/p>\n","protected":false},"excerpt":{"rendered":"<p>Saber como usar vestido de festa vai al\u00e9m da escolha do modelo. A forma como a pe\u00e7a \u00e9 combinada, o tipo de&hellip;<\/p>\n","protected":false},"author":8,"featured_media":701,"comment_status":"open","ping_status":"open","sticky":false,"template":"","format":"standard","meta":{"footnotes":""},"categories":[3,4],"tags":[],"class_list":["post-700","post","type-post","status-publish","format-standard","has-post-thumbnail","hentry","category-como-usar","category-dicas"],"yoast_head":"<!-- This site is optimized with the Yoast SEO plugin v28.4 - https:\/\/yoast.com\/product\/yoast-seo-wordpress\/ -->\n<title>Veja lindas op\u00e7\u00f5es de vestidos femininos de festa | Amandine<\/title>\n<meta name=\"description\" content=\"Vestido para festa: para arrasar nessas ocasi\u00f5es especiais, veja algumas op\u00e7\u00f5es midi e longa que preparamos neste artigo do blog da Amandine!\" \/>\n<meta name=\"robots\" content=\"index, follow, max-snippet:-1, max-image-preview:large, max-video-preview:-1\" \/>\n<link rel=\"canonical\" href=\"https:\/\/www.amandine.com.br\/blog\/como-escolher-vestidos-de-festa-opcoes-elegantes-do-midi-ao-longo\/\" \/>\n<meta property=\"og:locale\" content=\"pt_BR\" \/>\n<meta property=\"og:type\" content=\"article\" \/>\n<meta property=\"og:title\" content=\"Veja lindas op\u00e7\u00f5es de vestidos femininos de festa | Amandine\" \/>\n<meta property=\"og:description\" content=\"Vestido para festa: para arrasar nessas ocasi\u00f5es especiais, veja algumas op\u00e7\u00f5es midi e longa que preparamos neste artigo do blog da Amandine!\" \/>\n<meta property=\"og:url\" content=\"https:\/\/www.amandine.com.br\/blog\/como-escolher-vestidos-de-festa-opcoes-elegantes-do-midi-ao-longo\/\" \/>\n<meta property=\"og:site_name\" content=\"Amandine Inspira: sofistica\u00e7\u00e3o para cada estilo\" \/>\n<meta property=\"article:published_time\" content=\"2026-04-07T13:45:41+00:00\" \/>\n<meta property=\"article:modified_time\" content=\"2026-08-25T13:08:36+00:00\" \/>\n<meta property=\"og:image\" content=\"https:\/\/wordpress-1321957-4832231.cloudwaysapps.com\/wp-content\/uploads\/2025\/03\/vestido-para-festa-v2.jpg\" \/>\n\t<meta property=\"og:image:width\" content=\"1345\" \/>\n\t<meta property=\"og:image:height\" content=\"498\" \/>\n\t<meta property=\"og:image:type\" content=\"image\/jpeg\" \/>\n<meta name=\"author\" content=\"chanel\" \/>\n<meta name=\"twitter:card\" content=\"summary_large_image\" \/>\n<meta name=\"twitter:label1\" content=\"Escrito por\" \/>\n\t<meta name=\"twitter:data1\" content=\"chanel\" \/>\n\t<meta name=\"twitter:label2\" content=\"Est. tempo de leitura\" \/>\n\t<meta name=\"twitter:data2\" content=\"8 minutos\" \/>\n<script type=\"application\/ld+json\" class=\"yoast-schema-graph\">{\"@context\":\"https:\\\/\\\/schema.org\",\"@graph\":[{\"@type\":\"Article\",\"@id\":\"https:\\\/\\\/www.amandine.com.br\\\/blog\\\/como-escolher-vestidos-de-festa-opcoes-elegantes-do-midi-ao-longo\\\/#article\",\"isPartOf\":{\"@id\":\"https:\\\/\\\/www.amandine.com.br\\\/blog\\\/como-escolher-vestidos-de-festa-opcoes-elegantes-do-midi-ao-longo\\\/\"},\"author\":{\"name\":\"chanel\",\"@id\":\"https:\\\/\\\/www.amandine.com.br\\\/blog\\\/#\\\/schema\\\/person\\\/ca69247ed7eeafd08c42a1dc6a8d046c\"},\"headline\":\"Como escolher vestidos de festa: op\u00e7\u00f5es elegantes do midi ao longo\",\"datePublished\":\"2026-04-07T13:45:41+00:00\",\"dateModified\":\"2026-08-25T13:08:36+00:00\",\"mainEntityOfPage\":{\"@id\":\"https:\\\/\\\/www.amandine.com.br\\\/blog\\\/como-escolher-vestidos-de-festa-opcoes-elegantes-do-midi-ao-longo\\\/\"},\"wordCount\":1115,\"commentCount\":1,\"image\":{\"@id\":\"https:\\\/\\\/www.amandine.com.br\\\/blog\\\/como-escolher-vestidos-de-festa-opcoes-elegantes-do-midi-ao-longo\\\/#primaryimage\"},\"thumbnailUrl\":\"https:\\\/\\\/www.amandine.com.br\\\/blog\\\/wp-content\\\/uploads\\\/2025\\\/03\\\/vestido-para-festa-v2.jpg\",\"articleSection\":[\"Como usar\",\"Dicas\"],\"inLanguage\":\"pt-BR\",\"potentialAction\":[{\"@type\":\"CommentAction\",\"name\":\"Comment\",\"target\":[\"https:\\\/\\\/www.amandine.com.br\\\/blog\\\/como-escolher-vestidos-de-festa-opcoes-elegantes-do-midi-ao-longo\\\/#respond\"]}]},{\"@type\":\"WebPage\",\"@id\":\"https:\\\/\\\/www.amandine.com.br\\\/blog\\\/como-escolher-vestidos-de-festa-opcoes-elegantes-do-midi-ao-longo\\\/\",\"url\":\"https:\\\/\\\/www.amandine.com.br\\\/blog\\\/como-escolher-vestidos-de-festa-opcoes-elegantes-do-midi-ao-longo\\\/\",\"name\":\"Veja lindas op\u00e7\u00f5es de vestidos femininos de festa | Amandine\",\"isPartOf\":{\"@id\":\"https:\\\/\\\/www.amandine.com.br\\\/blog\\\/#website\"},\"primaryImageOfPage\":{\"@id\":\"https:\\\/\\\/www.amandine.com.br\\\/blog\\\/como-escolher-vestidos-de-festa-opcoes-elegantes-do-midi-ao-longo\\\/#primaryimage\"},\"image\":{\"@id\":\"https:\\\/\\\/www.amandine.com.br\\\/blog\\\/como-escolher-vestidos-de-festa-opcoes-elegantes-do-midi-ao-longo\\\/#primaryimage\"},\"thumbnailUrl\":\"https:\\\/\\\/www.amandine.com.br\\\/blog\\\/wp-content\\\/uploads\\\/2025\\\/03\\\/vestido-para-festa-v2.jpg\",\"datePublished\":\"2026-04-07T13:45:41+00:00\",\"dateModified\":\"2026-08-25T13:08:36+00:00\",\"author\":{\"@id\":\"https:\\\/\\\/www.amandine.com.br\\\/blog\\\/#\\\/schema\\\/person\\\/ca69247ed7eeafd08c42a1dc6a8d046c\"},\"description\":\"Vestido para festa: para arrasar nessas ocasi\u00f5es especiais, veja algumas op\u00e7\u00f5es midi e longa que preparamos neste artigo do blog da Amandine!\",\"breadcrumb\":{\"@id\":\"https:\\\/\\\/www.amandine.com.br\\\/blog\\\/como-escolher-vestidos-de-festa-opcoes-elegantes-do-midi-ao-longo\\\/#breadcrumb\"},\"inLanguage\":\"pt-BR\",\"potentialAction\":[{\"@type\":\"ReadAction\",\"target\":[\"https:\\\/\\\/www.amandine.com.br\\\/blog\\\/como-escolher-vestidos-de-festa-opcoes-elegantes-do-midi-ao-longo\\\/\"]}]},{\"@type\":\"ImageObject\",\"inLanguage\":\"pt-BR\",\"@id\":\"https:\\\/\\\/www.amandine.com.br\\\/blog\\\/como-escolher-vestidos-de-festa-opcoes-elegantes-do-midi-ao-longo\\\/#primaryimage\",\"url\":\"https:\\\/\\\/www.amandine.com.br\\\/blog\\\/wp-content\\\/uploads\\\/2025\\\/03\\\/vestido-para-festa-v2.jpg\",\"contentUrl\":\"https:\\\/\\\/www.amandine.com.br\\\/blog\\\/wp-content\\\/uploads\\\/2025\\\/03\\\/vestido-para-festa-v2.jpg\",\"width\":1345,\"height\":498},{\"@type\":\"BreadcrumbList\",\"@id\":\"https:\\\/\\\/www.amandine.com.br\\\/blog\\\/como-escolher-vestidos-de-festa-opcoes-elegantes-do-midi-ao-longo\\\/#breadcrumb\",\"itemListElement\":[{\"@type\":\"ListItem\",\"position\":1,\"name\":\"In\u00edcio\",\"item\":\"https:\\\/\\\/www.amandine.com.br\\\/blog\\\/\"},{\"@type\":\"ListItem\",\"position\":2,\"name\":\"Como escolher vestidos de festa: op\u00e7\u00f5es elegantes do midi ao longo\"}]},{\"@type\":\"WebSite\",\"@id\":\"https:\\\/\\\/www.amandine.com.br\\\/blog\\\/#website\",\"url\":\"https:\\\/\\\/www.amandine.com.br\\\/blog\\\/\",\"name\":\"Amandine Inspira: sofistica\u00e7\u00e3o para cada estilo\",\"description\":\"\",\"potentialAction\":[{\"@type\":\"SearchAction\",\"target\":{\"@type\":\"EntryPoint\",\"urlTemplate\":\"https:\\\/\\\/www.amandine.com.br\\\/blog\\\/?s={search_term_string}\"},\"query-input\":{\"@type\":\"PropertyValueSpecification\",\"valueRequired\":true,\"valueName\":\"search_term_string\"}}],\"inLanguage\":\"pt-BR\"},{\"@type\":\"Person\",\"@id\":\"https:\\\/\\\/www.amandine.com.br\\\/blog\\\/#\\\/schema\\\/person\\\/ca69247ed7eeafd08c42a1dc6a8d046c\",\"name\":\"chanel\",\"image\":{\"@type\":\"ImageObject\",\"inLanguage\":\"pt-BR\",\"@id\":\"https:\\\/\\\/secure.gravatar.com\\\/avatar\\\/f8e57e6cc5fcdfd779dd6f7b509aabde5ba1d706f3dcc13c6ac265eed416664c?s=96&d=mm&r=g\",\"url\":\"https:\\\/\\\/secure.gravatar.com\\\/avatar\\\/f8e57e6cc5fcdfd779dd6f7b509aabde5ba1d706f3dcc13c6ac265eed416664c?s=96&d=mm&r=g\",\"contentUrl\":\"https:\\\/\\\/secure.gravatar.com\\\/avatar\\\/f8e57e6cc5fcdfd779dd6f7b509aabde5ba1d706f3dcc13c6ac265eed416664c?s=96&d=mm&r=g\",\"caption\":\"chanel\"},\"url\":\"https:\\\/\\\/www.amandine.com.br\\\/blog\\\/author\\\/chanel\\\/\"}]}<\/script>\n<!-- \/ Yoast SEO plugin. -->","yoast_head_json":{"title":"Veja lindas op\u00e7\u00f5es de vestidos femininos de festa | Amandine","description":"Vestido para festa: para arrasar nessas ocasi\u00f5es especiais, veja algumas op\u00e7\u00f5es midi e longa que preparamos neste artigo do blog da Amandine!","robots":{"index":"index","follow":"follow","max-snippet":"max-snippet:-1","max-image-preview":"max-image-preview:large","max-video-preview":"max-video-preview:-1"},"canonical":"https:\/\/www.amandine.com.br\/blog\/como-escolher-vestidos-de-festa-opcoes-elegantes-do-midi-ao-longo\/","og_locale":"pt_BR","og_type":"article","og_title":"Veja lindas op\u00e7\u00f5es de vestidos femininos de festa | Amandine","og_description":"Vestido para festa: para arrasar nessas ocasi\u00f5es especiais, veja algumas op\u00e7\u00f5es midi e longa que preparamos neste artigo do blog da Amandine!","og_url":"https:\/\/www.amandine.com.br\/blog\/como-escolher-vestidos-de-festa-opcoes-elegantes-do-midi-ao-longo\/","og_site_name":"Amandine Inspira: sofistica\u00e7\u00e3o para cada estilo","article_published_time":"2026-04-07T13:45:41+00:00","article_modified_time":"2026-08-25T13:08:36+00:00","og_image":[{"width":1345,"height":498,"url":"https:\/\/wordpress-1321957-4832231.cloudwaysapps.com\/wp-content\/uploads\/2025\/03\/vestido-para-festa-v2.jpg","type":"image\/jpeg"}],"author":"chanel","twitter_card":"summary_large_image","twitter_misc":{"Escrito por":"chanel","Est. tempo de leitura":"8 minutos"},"schema":{"@context":"https:\/\/schema.org","@graph":[{"@type":"Article","@id":"https:\/\/www.amandine.com.br\/blog\/como-escolher-vestidos-de-festa-opcoes-elegantes-do-midi-ao-longo\/#article","isPartOf":{"@id":"https:\/\/www.amandine.com.br\/blog\/como-escolher-vestidos-de-festa-opcoes-elegantes-do-midi-ao-longo\/"},"author":{"name":"chanel","@id":"https:\/\/www.amandine.com.br\/blog\/#\/schema\/person\/ca69247ed7eeafd08c42a1dc6a8d046c"},"headline":"Como escolher vestidos de festa: op\u00e7\u00f5es elegantes do midi ao longo","datePublished":"2026-04-07T13:45:41+00:00","dateModified":"2026-08-25T13:08:36+00:00","mainEntityOfPage":{"@id":"https:\/\/www.amandine.com.br\/blog\/como-escolher-vestidos-de-festa-opcoes-elegantes-do-midi-ao-longo\/"},"wordCount":1115,"commentCount":1,"image":{"@id":"https:\/\/www.amandine.com.br\/blog\/como-escolher-vestidos-de-festa-opcoes-elegantes-do-midi-ao-longo\/#primaryimage"},"thumbnailUrl":"https:\/\/www.amandine.com.br\/blog\/wp-content\/uploads\/2025\/03\/vestido-para-festa-v2.jpg","articleSection":["Como usar","Dicas"],"inLanguage":"pt-BR","potentialAction":[{"@type":"CommentAction","name":"Comment","target":["https:\/\/www.amandine.com.br\/blog\/como-escolher-vestidos-de-festa-opcoes-elegantes-do-midi-ao-longo\/#respond"]}]},{"@type":"WebPage","@id":"https:\/\/www.amandine.com.br\/blog\/como-escolher-vestidos-de-festa-opcoes-elegantes-do-midi-ao-longo\/","url":"https:\/\/www.amandine.com.br\/blog\/como-escolher-vestidos-de-festa-opcoes-elegantes-do-midi-ao-longo\/","name":"Veja lindas op\u00e7\u00f5es de vestidos femininos de festa | Amandine","isPartOf":{"@id":"https:\/\/www.amandine.com.br\/blog\/#website"},"primaryImageOfPage":{"@id":"https:\/\/www.amandine.com.br\/blog\/como-escolher-vestidos-de-festa-opcoes-elegantes-do-midi-ao-longo\/#primaryimage"},"image":{"@id":"https:\/\/www.amandine.com.br\/blog\/como-escolher-vestidos-de-festa-opcoes-elegantes-do-midi-ao-longo\/#primaryimage"},"thumbnailUrl":"https:\/\/www.amandine.com.br\/blog\/wp-content\/uploads\/2025\/03\/vestido-para-festa-v2.jpg","datePublished":"2026-04-07T13:45:41+00:00","dateModified":"2026-08-25T13:08:36+00:00","author":{"@id":"https:\/\/www.amandine.com.br\/blog\/#\/schema\/person\/ca69247ed7eeafd08c42a1dc6a8d046c"},"description":"Vestido para festa: para arrasar nessas ocasi\u00f5es especiais, veja algumas op\u00e7\u00f5es midi e longa que preparamos neste artigo do blog da Amandine!","breadcrumb":{"@id":"https:\/\/www.amandine.com.br\/blog\/como-escolher-vestidos-de-festa-opcoes-elegantes-do-midi-ao-longo\/#breadcrumb"},"inLanguage":"pt-BR","potentialAction":[{"@type":"ReadAction","target":["https:\/\/www.amandine.com.br\/blog\/como-escolher-vestidos-de-festa-opcoes-elegantes-do-midi-ao-longo\/"]}]},{"@type":"ImageObject","inLanguage":"pt-BR","@id":"https:\/\/www.amandine.com.br\/blog\/como-escolher-vestidos-de-festa-opcoes-elegantes-do-midi-ao-longo\/#primaryimage","url":"https:\/\/www.amandine.com.br\/blog\/wp-content\/uploads\/2025\/03\/vestido-para-festa-v2.jpg","contentUrl":"https:\/\/www.amandine.com.br\/blog\/wp-content\/uploads\/2025\/03\/vestido-para-festa-v2.jpg","width":1345,"height":498},{"@type":"BreadcrumbList","@id":"https:\/\/www.amandine.com.br\/blog\/como-escolher-vestidos-de-festa-opcoes-elegantes-do-midi-ao-longo\/#breadcrumb","itemListElement":[{"@type":"ListItem","position":1,"name":"In\u00edcio","item":"https:\/\/www.amandine.com.br\/blog\/"},{"@type":"ListItem","position":2,"name":"Como escolher vestidos de festa: op\u00e7\u00f5es elegantes do midi ao longo"}]},{"@type":"WebSite","@id":"https:\/\/www.amandine.com.br\/blog\/#website","url":"https:\/\/www.amandine.com.br\/blog\/","name":"Amandine Inspira: sofistica\u00e7\u00e3o para cada estilo","description":"","potentialAction":[{"@type":"SearchAction","target":{"@type":"EntryPoint","urlTemplate":"https:\/\/www.amandine.com.br\/blog\/?s={search_term_string}"},"query-input":{"@type":"PropertyValueSpecification","valueRequired":true,"valueName":"search_term_string"}}],"inLanguage":"pt-BR"},{"@type":"Person","@id":"https:\/\/www.amandine.com.br\/blog\/#\/schema\/person\/ca69247ed7eeafd08c42a1dc6a8d046c","name":"chanel","image":{"@type":"ImageObject","inLanguage":"pt-BR","@id":"https:\/\/secure.gravatar.com\/avatar\/f8e57e6cc5fcdfd779dd6f7b509aabde5ba1d706f3dcc13c6ac265eed416664c?s=96&d=mm&r=g","url":"https:\/\/secure.gravatar.com\/avatar\/f8e57e6cc5fcdfd779dd6f7b509aabde5ba1d706f3dcc13c6ac265eed416664c?s=96&d=mm&r=g","contentUrl":"https:\/\/secure.gravatar.com\/avatar\/f8e57e6cc5fcdfd779dd6f7b509aabde5ba1d706f3dcc13c6ac265eed416664c?s=96&d=mm&r=g","caption":"chanel"},"url":"https:\/\/www.amandine.com.br\/blog\/author\/chanel\/"}]}},"_links":{"self":[{"href":"https:\/\/www.amandine.com.br\/blog\/wp-json\/wp\/v2\/posts\/700","targetHints":{"allow":["GET"]}}],"collection":[{"href":"https:\/\/www.amandine.com.br\/blog\/wp-json\/wp\/v2\/posts"}],"about":[{"href":"https:\/\/www.amandine.com.br\/blog\/wp-json\/wp\/v2\/types\/post"}],"author":[{"embeddable":true,"href":"https:\/\/www.amandine.com.br\/blog\/wp-json\/wp\/v2\/users\/8"}],"replies":[{"embeddable":true,"href":"https:\/\/www.amandine.com.br\/blog\/wp-json\/wp\/v2\/comments?post=700"}],"version-history":[{"count":13,"href":"https:\/\/www.amandine.com.br\/blog\/wp-json\/wp\/v2\/posts\/700\/revisions"}],"predecessor-version":[{"id":1281,"href":"https:\/\/www.amandine.com.br\/blog\/wp-json\/wp\/v2\/posts\/700\/revisions\/1281"}],"wp:featuredmedia":[{"embeddable":true,"href":"https:\/\/www.amandine.com.br\/blog\/wp-json\/wp\/v2\/media\/701"}],"wp:attachment":[{"href":"https:\/\/www.amandine.com.br\/blog\/wp-json\/wp\/v2\/media?parent=700"}],"wp:term":[{"taxonomy":"category","embeddable":true,"href":"https:\/\/www.amandine.com.br\/blog\/wp-json\/wp\/v2\/categories?post=700"},{"taxonomy":"post_tag","embeddable":true,"href":"https:\/\/www.amandine.com.br\/blog\/wp-json\/wp\/v2\/tags?post=700"}],"curies":[{"name":"wp","href":"https:\/\/api.w.org\/{rel}","templated":true}]}}